{"id":2782,"date":"2023-04-03T14:09:16","date_gmt":"2023-04-03T12:09:16","guid":{"rendered":"https:\/\/www.wg-west.de\/?p=2782"},"modified":"2023-04-03T14:10:05","modified_gmt":"2023-04-03T12:10:05","slug":"pruefungen-berufsfachschule-und-berufskolleg","status":"publish","type":"post","link":"http:\/\/www.wg-west.de\/de_ls\/2023\/04\/03\/pruefungen-berufsfachschule-und-berufskolleg\/","title":{"rendered":"Pr\u00fcfungen Berufsfachschule und Berufskolleg"},"content":{"rendered":"<p>Am Montag, den 08. Mai 2023 starten die Abschlusspr\u00fcfungen der Berufsfachschule (Bildungsziel: mittlere Reife) und des Berufskollegs II (Bildungsziel: Fachhochschulreife). Bis zum 25. Mai m\u00fcssen die Pr\u00fcfungsteilnehmer \u00fcber den Pr\u00fcfungsarbeiten schwitzen. Wir w\u00fcnschen allen Sch\u00fclerinnen und Sch\u00fclern in dieser anstrengenden Zeit viel Erfolg, gute Konzentration und starke Nerven. Wir glauben an Euch, ihr schafft das!<\/p>\n\n\n\n<p><strong>Wirtschaftsschule 2<\/strong><br>Montag, 08.05.2023 Berufspraktische Kompetenz (TV) 9.00 &#8211; 11.45 Uhr<br>Dienstag, 09.05.2023 Deutsch von 9.00 \u2013 12.30 Uhr<br>Donnerstag, 11.05.2023 Englisch 9.00 \u2013 12.00 Uhr<br>Montag, 15.05.2023 Berufsfachliche Kompetenz (BWL) 9.00 &#8211; 11.20 Uhr<br>Montag, 15.05.2023 Berufsfachliche Kompetenz (DV) 11.50 &#8211; 13.10 Uhr<br>Mittwoch, 17.05.2023 Mathematik 9.00 &#8211; 11.30 Uhr<br>Die Pr\u00fcflinge m\u00fcssen sp\u00e4testens 20 Minuten vor Pr\u00fcfungsbeginn im Pr\u00fcfungsraum (siehe Teams) sein.<\/p>\n\n\n\n<p><strong>Berufskolleg 2<\/strong><br>Donnerstag, 11.05.2023 Wirtschaft 9.00 &#8211; 10.45 Uhr<br>Freitag, 12.05.2023 B\u00fcromanagement 9.00 &#8211; 11.45 Uhr<br>Freitag, 12.05.2023 \u00dcbungsfirma 9.00 &#8211; 11.45 Uhr<br>Freitag, 12.05.2023 Gesch\u00e4ftsprozesse 9.00 &#8211; 11.45 Uhr<br>Dienstag, 16.05.2023 Deutsch 9.00 \u2013 13.30 Uhr<br>Mittwoch, 17.05.2023 Englisch 9.00 \u2013 13.10 Uhr<br>Dienstag, 23.05.2023 BWL 9.00 &#8211; 12.30 Uhr<br>Donnerstag, 25.05.2023 Mathematik 9.00 &#8211; 12.50 Uhr<br>Die Pr\u00fcflinge m\u00fcssen sp\u00e4testens 20 Minuten vor Pr\u00fcfungsbeginn im Pr\u00fcfungsraum (siehe Teams) sein.<\/p>\n\n\n\n<p><strong>Berufskolleg 1<\/strong><br>Donnerstag, 22.06.2023 zentrale Klassenarbeit 9.00 \u2013 11.00 Uhr<br>Die Pr\u00fcflinge m\u00fcssen sp\u00e4testens 20 Minuten vor Pr\u00fcfungsbeginn im Pr\u00fcfungsraum (siehe Teams) sein.<\/p>","protected":false},"excerpt":{"rendered":"<p>Am Montag, den 08. Mai 2023 starten die Abschlusspr\u00fcfungen der Berufsfachschule (Bildungsziel: mittlere Reife) und des Berufskollegs II (Bildungsziel: Fachhochschulreife). Bis zum 25. Mai m\u00fcssen die Pr\u00fcfungsteilnehmer \u00fcber den Pr\u00fcfungsarbeiten&#8230;<\/p>","protected":false},"author":1,"featured_media":0,"comment_status":"closed","ping_status":"closed","sticky":false,"template":"","format":"standard","meta":{"footnotes":""},"categories":[1],"tags":[509,139,75,72,315,510],"class_list":{"0":"post-2782","1":"post","2":"type-post","3":"status-publish","4":"format-standard","6":"category-allgemein","7":"tag-509","8":"tag-abschlusspruefung","9":"tag-berufsfachschule","10":"tag-berufskolleg","11":"tag-pruefungen","12":"tag-zentrale-klassenarbeit"},"_links":{"self":[{"href":"http:\/\/www.wg-west.de\/de_ls\/wp-json\/wp\/v2\/posts\/2782","targetHints":{"allow":["GET"]}}],"collection":[{"href":"http:\/\/www.wg-west.de\/de_ls\/wp-json\/wp\/v2\/posts"}],"about":[{"href":"http:\/\/www.wg-west.de\/de_ls\/wp-json\/wp\/v2\/types\/post"}],"author":[{"embeddable":true,"href":"http:\/\/www.wg-west.de\/de_ls\/wp-json\/wp\/v2\/users\/1"}],"replies":[{"embeddable":true,"href":"http:\/\/www.wg-west.de\/de_ls\/wp-json\/wp\/v2\/comments?post=2782"}],"version-history":[{"count":2,"href":"http:\/\/www.wg-west.de\/de_ls\/wp-json\/wp\/v2\/posts\/2782\/revisions"}],"predecessor-version":[{"id":2784,"href":"http:\/\/www.wg-west.de\/de_ls\/wp-json\/wp\/v2\/posts\/2782\/revisions\/2784"}],"wp:attachment":[{"href":"http:\/\/www.wg-west.de\/de_ls\/wp-json\/wp\/v2\/media?parent=2782"}],"wp:term":[{"taxonomy":"category","embeddable":true,"href":"http:\/\/www.wg-west.de\/de_ls\/wp-json\/wp\/v2\/categories?post=2782"},{"taxonomy":"post_tag","embeddable":true,"href":"http:\/\/www.wg-west.de\/de_ls\/wp-json\/wp\/v2\/tags?post=2782"}],"curies":[{"name":"wp","href":"https:\/\/api.w.org\/{rel}","templated":true}]}}